[{"@context":"https:\/\/schema.org\/","@type":"Article","@id":"https:\/\/www.arcr.cz\/jak-si-spravne-sladit-obleceni\/#Article","mainEntityOfPage":"https:\/\/www.arcr.cz\/jak-si-spravne-sladit-obleceni\/","headline":"Jak si spr\u00e1vn\u011b sladit oble\u010den\u00ed","name":"Jak si spr\u00e1vn\u011b sladit oble\u010den\u00ed","description":"\u017deny se pravd\u011bpodobn\u011b pot\u00fdkaj\u00ed s t\u00edmto probl\u00e9mem \u010dast\u011bji ne\u017e mu\u017ei, i kdy\u017e ani u mu\u017e\u016f u\u017e neplat\u00ed, \u017ee na sebe oble\u010dou cokoli, n\u011bkte\u0159\u00ed ve stylu obl\u00e9k\u00e1n\u00ed dokonce p\u0159ed\u010d\u00ed i \u017eeny, ale probl\u00e9m z\u016fst\u00e1v\u00e1 stejn\u00fd, jak\u00e9<a class=\"read-more\" href=\"https:\/\/www.arcr.cz\/jak-si-spravne-sladit-obleceni\/\">Continue reading<\/a>","datePublished":"2023-04-26","dateModified":"2023-04-26","author":{"@type":"Person","@id":"https:\/\/www.arcr.cz\/author\/#Person","name":"arcr.cz\n","url":"https:\/\/www.arcr.cz\/author\/","identifier":1,"image":{"@type":"ImageObject","@id":"https:\/\/secure.gravatar.com\/avatar\/5522eb0fc8481dea5f6519f6a0b15ee2c46358d48429b281fd7c49cbb5a929f9?s=96&d=mm&r=g","url":"https:\/\/secure.gravatar.com\/avatar\/5522eb0fc8481dea5f6519f6a0b15ee2c46358d48429b281fd7c49cbb5a929f9?s=96&d=mm&r=g","height":96,"width":96}},"publisher":{"@type":"Organization","name":"arcr.cz","logo":{"@type":"ImageObject","@id":"\/logo.png","url":"\/logo.png","width":600,"height":60}},"url":"https:\/\/www.arcr.cz\/jak-si-spravne-sladit-obleceni\/","about":["M\u00f3da"],"wordCount":414,"articleBody":"\u017deny se pravd\u011bpodobn\u011b pot\u00fdkaj\u00ed s t\u00edmto probl\u00e9mem \u010dast\u011bji ne\u017e mu\u017ei, i kdy\u017e ani u mu\u017e\u016f u\u017e neplat\u00ed, \u017ee na sebe oble\u010dou cokoli, n\u011bkte\u0159\u00ed ve stylu obl\u00e9k\u00e1n\u00ed dokonce p\u0159ed\u010d\u00ed i \u017eeny, ale probl\u00e9m z\u016fst\u00e1v\u00e1 stejn\u00fd, jak\u00e9 barvy a vzory se k sob\u011b hod\u00ed a jak\u00e9 ne?Barvy:V tomhle se lid\u00e9 li\u0161\u00ed, n\u011bkte\u0159\u00ed chod\u00ed st\u00e1le v jedn\u00e9 barv\u011b, maj\u00ed nap\u0159. obl\u00edbenou \u010dernou, u \u017een je to \u010dast\u00e9, proto\u017ee si mysl\u00ed, \u017ee ze\u0161t\u00edhluje, a tak maj\u00ed v \u0161atn\u00edku v\u0161e \u010dern\u00e9.Pokud ale zkombinujete \u010dernou sukni t\u0159eba u\u017e se star\u0161\u00ed, sepran\u011bj\u0161\u00ed \u010dernou halenkou, celkov\u00fd dojem sp\u00ed\u0161e pokaz\u00edte.Volba dvou barev je d\u00e1 se \u0159\u00edci elegantn\u00ed formou obl\u00e9k\u00e1n\u00ed, vyvarujte se ale chyby, kategoricky od sebe tyhle dv\u011b barvy odd\u011blovat, nap\u0159. b\u00edl\u00e9 tri\u010dko a \u010dern\u00e9 kalhoty, v\u017edy je vhodn\u00e9, kdy\u017e z\u016fstaneme u tohoto p\u0159\u00edkladu, k tomu tedy b\u00edl\u00e9 boty a k tri\u010dku \u010dern\u00fd \u0161\u00e1tek nebo n\u00e1hrdeln\u00edk.Jak\u00e9 dv\u011b barvy se k sob\u011b nejv\u00edc hod\u00ed?&#8211;\u00a0\u00a0\u00a0\u00a0\u00a0\u00a0\u00a0 nic nezkaz\u00edte \u010dernou, ta se d\u00e1 zkombinovat s ka\u017edou barvou, jinak se k sob\u011b hod\u00ed modr\u00e1 a \u017elut\u00e1, oran\u017eov\u00e1 a fialov\u00e1 nebo t\u0159eba modr\u00e1 a b\u00edl\u00e1S nadch\u00e1zej\u00edc\u00edm l\u00e9tem p\u0159ich\u00e1z\u00ed tak\u00e9 doba pestrobarevn\u00fdch \u0161at\u016f, k nim volte dopl\u0148ky pouze v t\u011bch barv\u00e1ch, kter\u00e9 na \u0161atech jsou, nikdy k nim nep\u0159id\u00e1vejte barvu dal\u0161\u00ed, pokaz\u00edte t\u00edm celkov\u00fd dojem.Vzory:N\u00e1zorn\u00fdm p\u0159\u00edkladem mohou b\u00fdt kostky nebo kv\u011btiny, m\u016f\u017eeme mezi n\u011b za\u0159adit i punt\u00edky. Pokud si \u0159eknete, m\u00e1m triko s punt\u00edky, m\u016f\u017ee b\u00fdt takov\u00e1 i sukn\u011b, i kdy\u017e jsou punt\u00edky \u00fapln\u011b jin\u00e9 barvy i velikosti, nic hor\u0161\u00edho nem\u016f\u017eete ud\u011blat, to sam\u00e9 plat\u00ed i u kostek a kv\u011btin. Tady plat\u00ed z\u00e1sada, pokud m\u00e1te vzorovan\u00fd jeden d\u00edl oble\u010den\u00ed, druh\u00fd by m\u011bl b\u00fdt jednobarevn\u00fd.Pokud si mysl\u00edte, \u017ee kdy\u017e m\u00e1te obta\u017eenou sukni, mus\u00ed b\u00fdt i tri\u010dko, tak\u00e9 d\u011bl\u00e1te chybu, a naopak k voln\u00fdm kalhot\u00e1m nepat\u0159\u00ed v \u017e\u00e1dn\u00e9m p\u0159\u00edpad\u011b voln\u00e9 triko.Nezapom\u00ednejte na dopl\u0148ky, i ty ve vlasech, pokud u\u017e pou\u017e\u00edv\u00e1te gumi\u010dky do vlas\u016f, sla\u010fte je alespo\u0148 s jedn\u00edm kusem oble\u010den\u00ed.                                                                                                                                                                                                                                                                                                                                                                                        3.2\/5 - (4 votes)        "},{"@context":"https:\/\/schema.org\/","@type":"BreadcrumbList","itemListElement":[{"@type":"ListItem","position":1,"name":"Jak si spr\u00e1vn\u011b sladit oble\u010den\u00ed","item":"https:\/\/www.arcr.cz\/jak-si-spravne-sladit-obleceni\/#breadcrumbitem"}]}]