[{"@context":"https:\/\/schema.org\/","@type":"Article","@id":"https:\/\/www.arcr.cz\/mejte-krasnou-a-dokonalou-plet\/#Article","mainEntityOfPage":"https:\/\/www.arcr.cz\/mejte-krasnou-a-dokonalou-plet\/","headline":"M\u011bjte kr\u00e1snou a dokonalou ple\u0165!","name":"M\u011bjte kr\u00e1snou a dokonalou ple\u0165!","description":"V\u0161ichni jsme se narodili s n\u011bjak\u00fdmi nedokonalostmi a s probl\u00e9my, je\u017e n\u00e1s na sob\u011b tr\u00e1p\u00ed. Nikdo z n\u00e1s nen\u00ed dokonal\u00fd, a tud\u00ed\u017e se u ka\u017ed\u00e9ho z n\u00e1s najde n\u011bco, s \u010d\u00edm budeme nespokojeni. Mohou to<a class=\"read-more\" href=\"https:\/\/www.arcr.cz\/mejte-krasnou-a-dokonalou-plet\/\">Continue reading<\/a>","datePublished":"2022-12-19","dateModified":"2023-04-26","author":{"@type":"Person","@id":"https:\/\/www.arcr.cz\/author\/#Person","name":"arcr.cz\n","url":"https:\/\/www.arcr.cz\/author\/","identifier":1,"image":{"@type":"ImageObject","@id":"https:\/\/secure.gravatar.com\/avatar\/5522eb0fc8481dea5f6519f6a0b15ee2c46358d48429b281fd7c49cbb5a929f9?s=96&d=mm&r=g","url":"https:\/\/secure.gravatar.com\/avatar\/5522eb0fc8481dea5f6519f6a0b15ee2c46358d48429b281fd7c49cbb5a929f9?s=96&d=mm&r=g","height":96,"width":96}},"publisher":{"@type":"Organization","name":"arcr.cz","logo":{"@type":"ImageObject","@id":"\/logo.png","url":"\/logo.png","width":600,"height":60}},"image":{"@type":"ImageObject","@id":"https:\/\/www.arcr.cz\/wp-content\/uploads\/girl-g60a2af69b_640_1.jpg","url":"https:\/\/www.arcr.cz\/wp-content\/uploads\/girl-g60a2af69b_640_1.jpg","height":0,"width":0},"url":"https:\/\/www.arcr.cz\/mejte-krasnou-a-dokonalou-plet\/","about":["Kr\u00e1sa"],"wordCount":413,"articleBody":"            V\u0161ichni jsme se narodili s n\u011bjak\u00fdmi nedokonalostmi a s probl\u00e9my, je\u017e n\u00e1s na sob\u011b tr\u00e1p\u00ed. Nikdo z n\u00e1s nen\u00ed dokonal\u00fd, a tud\u00ed\u017e se u ka\u017ed\u00e9ho z n\u00e1s najde n\u011bco, s \u010d\u00edm budeme nespokojeni. Mohou to b\u00fdt jen mal\u00e9 vady na kr\u00e1se, a p\u0159esto n\u00e1s mohou cel\u00fd \u017eivot tr\u00e1pit. Ka\u017ed\u00fd z n\u00e1s je zcela odli\u0161n\u00fd, a proto se pot\u00fdk\u00e1 s jinou problematikou, jako m\u016f\u017ee problematick\u00e1 ple\u0165 \u010di postava. A s \u010d\u00edm se nejv\u00edce pot\u00fdk\u00e1me a co n\u00e1s nejv\u00edce tr\u00e1p\u00ed na na\u0161em zevn\u011bj\u0161ku? \u010casto je to mastn\u00e1 ple\u0165 a akn\u00e9, \u010dern\u00e9 te\u010dky, celulitida a podobn\u011b. Ka\u017ed\u00fd z n\u00e1s m\u00e1 naprosto jin\u00fd typ pleti a podle toho se mus\u00ed jist\u00fdm zp\u016fsobem o svou poko\u017eku starat.  N\u011bkdo m\u00e1 ple\u0165 mastnou, cel\u00fd \u017eivot se pot\u00fdk\u00e1 s akn\u00e9 a roz\u0161\u00ed\u0159en\u00fdmi p\u00f3ry a n\u011bkdo se zase naopak nem\u016f\u017ee zbavit such\u00e9 poko\u017eky. Je pot\u0159eba dan\u00e9mu probl\u00e9mu v\u011bnovat zv\u00fd\u0161enou pozornost a nep\u0159ehl\u00ed\u017eet jej, proto\u017ee pak se problematick\u00e9 pleti nezbav\u00edme nikdy. Co d\u011blat s problematickou plet\u00ed? Samoz\u0159ejm\u011b bychom m\u011bli zvolit vhodn\u00e9 p\u0159\u00edpravky a pravideln\u011b je u\u017e\u00edvat. V\u017edy je pot\u0159eba vybrat vhodn\u00fd p\u0159\u00edpravek na dan\u00fd probl\u00e9m a d\u016fkladn\u011b se t\u00e9to p\u00e9\u010di v\u011bnovat. Pokud ale chcete m\u00edt v\u00e1\u0161 celo\u017eivotn\u00ed probl\u00e9m jednou prov\u017edy vy\u0159e\u0161en, vyzkou\u0161ejte d\u016fkladn\u00e9 \u010di\u0161t\u011bn\u00ed pleti od profesion\u00e1la!  Nav\u0161tivte \u010di\u0161t\u011bn\u00ed pleti Brno, kde se nejen zbav\u00edte va\u0161eho probl\u00e9mu, ale tak\u00e9 si p\u0159\u00edjemn\u011b odpo\u010dinete a dostanete odbornou pomoc! Nen\u00ed to ale zdaleka jenom o problematick\u00e9 pleti! M\u016f\u017eou v\u00e1s tak\u00e9 tr\u00e1pit nevzhledn\u00e9 kruhy pod o\u010dima, povisl\u00e1 poko\u017eka nebo beztvar\u00e9 a \u0159\u00eddk\u00e9 obo\u010d\u00ed. Ale tak\u00e9 v\u00e1m zde mohou pomoci s celulitidou, obezitou \u010di nevzhledn\u00fdm ochlupen\u00edm. Toho v\u0161eho se m\u016f\u017eete velmi rychle zbavit! Kosmetika Brno \u010di\u0161t\u011bn\u00ed pleti nab\u00edz\u00ed mnoho slu\u017eeb spojen\u00fdch s probl\u00e9my s poko\u017ekou a vadami na kr\u00e1se! Po jedn\u00e9 n\u00e1v\u0161t\u011bv\u011b bude va\u0161e ple\u0165 dokonale vyhlazen\u00e1 bez ne\u017e\u00e1douc\u00edch skvrn a pigment\u016f. V\u0161e je prov\u00e1d\u011bno p\u0159\u00edrodn\u011b bez jak\u00fdchkoli agresivn\u00edch z\u00e1sah\u016f!                                                                                                                                                                                                                                                                                                                                                                                           3.5\/5 - (2 votes)        "},{"@context":"https:\/\/schema.org\/","@type":"BreadcrumbList","itemListElement":[{"@type":"ListItem","position":1,"name":"M\u011bjte kr\u00e1snou a dokonalou ple\u0165!","item":"https:\/\/www.arcr.cz\/mejte-krasnou-a-dokonalou-plet\/#breadcrumbitem"}]}]