{"@context":"https:\/\/schema.org\/","@type":"CollectionPage","@id":"https:\/\/www.arcr.cz\/moda\/#CollectionPage","headline":"M\u00f3da Category","description":"","url":"https:\/\/www.arcr.cz\/moda\/","hasPart":[{"@type":"Article","@id":"https:\/\/www.arcr.cz\/luxusni-damske-pradlo-ktere-podtrhne-vasi-krasu-i-sebevedomi\/","headline":"Luxusn\u00ed d\u00e1msk\u00e9 pr\u00e1dlo, kter\u00e9 podtrhne va\u0161i kr\u00e1su i sebev\u011bdom\u00ed","url":"https:\/\/www.arcr.cz\/luxusni-damske-pradlo-ktere-podtrhne-vasi-krasu-i-sebevedomi\/","datePublished":"2025-08-24","dateModified":"2025-08-24","mainEntityOfPage":"https:\/\/www.arcr.cz\/luxusni-damske-pradlo-ktere-podtrhne-vasi-krasu-i-sebevedomi\/","author":{"@type":"Person","@id":"https:\/\/www.arcr.cz\/author\/#Person","name":"arcr.cz\n","url":"https:\/\/www.arcr.cz\/author\/","identifier":1,"image":{"@type":"ImageObject","@id":"https:\/\/secure.gravatar.com\/avatar\/5522eb0fc8481dea5f6519f6a0b15ee2c46358d48429b281fd7c49cbb5a929f9?s=96&d=mm&r=g","url":"https:\/\/secure.gravatar.com\/avatar\/5522eb0fc8481dea5f6519f6a0b15ee2c46358d48429b281fd7c49cbb5a929f9?s=96&d=mm&r=g","height":96,"width":96}},"publisher":{"@type":"Organization","name":"arcr.cz","logo":{"@type":"ImageObject","@id":"\/logo.png","url":"\/logo.png","width":600,"height":60}},"image":{"@type":"ImageObject","@id":"https:\/\/www.arcr.cz\/wp-content\/uploads\/ChatGPT_Image_4._8._2025_10_58_55_xUn1zQ.png","url":"https:\/\/www.arcr.cz\/wp-content\/uploads\/ChatGPT_Image_4._8._2025_10_58_55_xUn1zQ.png","height":0,"width":0},"keywords":null},{"@type":"Article","@id":"https:\/\/www.arcr.cz\/moda-80-let-se-vraci\/","headline":"M\u00f3da 80. let se vrac\u00ed","url":"https:\/\/www.arcr.cz\/moda-80-let-se-vraci\/","datePublished":"2025-02-25","dateModified":"2023-04-26","mainEntityOfPage":"https:\/\/www.arcr.cz\/moda-80-let-se-vraci\/","author":{"@type":"Person","@id":"https:\/\/www.arcr.cz\/author\/#Person","name":"arcr.cz\n","url":"https:\/\/www.arcr.cz\/author\/","identifier":1,"image":{"@type":"ImageObject","@id":"https:\/\/secure.gravatar.com\/avatar\/5522eb0fc8481dea5f6519f6a0b15ee2c46358d48429b281fd7c49cbb5a929f9?s=96&d=mm&r=g","url":"https:\/\/secure.gravatar.com\/avatar\/5522eb0fc8481dea5f6519f6a0b15ee2c46358d48429b281fd7c49cbb5a929f9?s=96&d=mm&r=g","height":96,"width":96}},"publisher":{"@type":"Organization","name":"arcr.cz","logo":{"@type":"ImageObject","@id":"\/logo.png","url":"\/logo.png","width":600,"height":60}},"image":{"@type":"ImageObject","@id":"https:\/\/www.arcr.cz\/wp-content\/uploads\/img_a293656_w1703_t1505844511.jpg","url":"https:\/\/www.arcr.cz\/wp-content\/uploads\/img_a293656_w1703_t1505844511.jpg","height":0,"width":0},"keywords":null},{"@type":"Article","@id":"https:\/\/www.arcr.cz\/kuze-jako-platno\/","headline":"K\u016f\u017ee jako pl\u00e1tno","url":"https:\/\/www.arcr.cz\/kuze-jako-platno\/","datePublished":"2025-02-19","dateModified":"2023-04-26","mainEntityOfPage":"https:\/\/www.arcr.cz\/kuze-jako-platno\/","author":{"@type":"Person","@id":"https:\/\/www.arcr.cz\/author\/#Person","name":"arcr.cz\n","url":"https:\/\/www.arcr.cz\/author\/","identifier":1,"image":{"@type":"ImageObject","@id":"https:\/\/secure.gravatar.com\/avatar\/5522eb0fc8481dea5f6519f6a0b15ee2c46358d48429b281fd7c49cbb5a929f9?s=96&d=mm&r=g","url":"https:\/\/secure.gravatar.com\/avatar\/5522eb0fc8481dea5f6519f6a0b15ee2c46358d48429b281fd7c49cbb5a929f9?s=96&d=mm&r=g","height":96,"width":96}},"publisher":{"@type":"Organization","name":"arcr.cz","logo":{"@type":"ImageObject","@id":"\/logo.png","url":"\/logo.png","width":600,"height":60}},"image":{"@type":"ImageObject","@id":"https:\/\/www.arcr.cz\/wp-content\/uploads\/img_a310661_w1703_t1521620557.png","url":"https:\/\/www.arcr.cz\/wp-content\/uploads\/img_a310661_w1703_t1521620557.png","height":0,"width":0},"keywords":null},{"@type":"Article","@id":"https:\/\/www.arcr.cz\/jak-pecovat-o-lnene-obleceni-aby-vydrzelo-co-nejdele\/","headline":"Jak pe\u010dovat o ln\u011bn\u00e9 oble\u010den\u00ed, aby vydr\u017eelo co nejd\u00e9le?","url":"https:\/\/www.arcr.cz\/jak-pecovat-o-lnene-obleceni-aby-vydrzelo-co-nejdele\/","datePublished":"2023-05-23","dateModified":"2023-06-02","mainEntityOfPage":"https:\/\/www.arcr.cz\/jak-pecovat-o-lnene-obleceni-aby-vydrzelo-co-nejdele\/","author":{"@type":"Person","@id":"https:\/\/www.arcr.cz\/author\/#Person","name":"arcr.cz\n","url":"https:\/\/www.arcr.cz\/author\/","identifier":1,"image":{"@type":"ImageObject","@id":"https:\/\/secure.gravatar.com\/avatar\/5522eb0fc8481dea5f6519f6a0b15ee2c46358d48429b281fd7c49cbb5a929f9?s=96&d=mm&r=g","url":"https:\/\/secure.gravatar.com\/avatar\/5522eb0fc8481dea5f6519f6a0b15ee2c46358d48429b281fd7c49cbb5a929f9?s=96&d=mm&r=g","height":96,"width":96}},"publisher":{"@type":"Organization","name":"arcr.cz","logo":{"@type":"ImageObject","@id":"\/logo.png","url":"\/logo.png","width":600,"height":60}},"image":{"@type":"ImageObject","@id":"https:\/\/www.arcr.cz\/wp-content\/uploads\/lnene_kosile_1TXaKg.jpg","url":"https:\/\/www.arcr.cz\/wp-content\/uploads\/lnene_kosile_1TXaKg.jpg","height":0,"width":0},"keywords":null},{"@type":"Article","@id":"https:\/\/www.arcr.cz\/jak-si-spravne-sladit-obleceni\/","headline":"Jak si spr\u00e1vn\u011b sladit oble\u010den\u00ed","url":"https:\/\/www.arcr.cz\/jak-si-spravne-sladit-obleceni\/","datePublished":"2023-04-26","dateModified":"2023-04-26","mainEntityOfPage":"https:\/\/www.arcr.cz\/jak-si-spravne-sladit-obleceni\/","author":{"@type":"Person","@id":"https:\/\/www.arcr.cz\/author\/#Person","name":"arcr.cz\n","url":"https:\/\/www.arcr.cz\/author\/","identifier":1,"image":{"@type":"ImageObject","@id":"https:\/\/secure.gravatar.com\/avatar\/5522eb0fc8481dea5f6519f6a0b15ee2c46358d48429b281fd7c49cbb5a929f9?s=96&d=mm&r=g","url":"https:\/\/secure.gravatar.com\/avatar\/5522eb0fc8481dea5f6519f6a0b15ee2c46358d48429b281fd7c49cbb5a929f9?s=96&d=mm&r=g","height":96,"width":96}},"publisher":{"@type":"Organization","name":"arcr.cz","logo":{"@type":"ImageObject","@id":"\/logo.png","url":"\/logo.png","width":600,"height":60}},"image":null,"keywords":null},{"@type":"Article","@id":"https:\/\/www.arcr.cz\/cerna-barva-jako-zaklad-satniku-kazde-moderni-zeny\/","headline":"\u010cern\u00e1 barva jako z\u00e1klad \u0161atn\u00edku ka\u017ed\u00e9 modern\u00ed \u017eeny","url":"https:\/\/www.arcr.cz\/cerna-barva-jako-zaklad-satniku-kazde-moderni-zeny\/","datePublished":"2023-04-26","dateModified":"2023-04-26","mainEntityOfPage":"https:\/\/www.arcr.cz\/cerna-barva-jako-zaklad-satniku-kazde-moderni-zeny\/","author":{"@type":"Person","@id":"https:\/\/www.arcr.cz\/author\/#Person","name":"arcr.cz\n","url":"https:\/\/www.arcr.cz\/author\/","identifier":1,"image":{"@type":"ImageObject","@id":"https:\/\/secure.gravatar.com\/avatar\/5522eb0fc8481dea5f6519f6a0b15ee2c46358d48429b281fd7c49cbb5a929f9?s=96&d=mm&r=g","url":"https:\/\/secure.gravatar.com\/avatar\/5522eb0fc8481dea5f6519f6a0b15ee2c46358d48429b281fd7c49cbb5a929f9?s=96&d=mm&r=g","height":96,"width":96}},"publisher":{"@type":"Organization","name":"arcr.cz","logo":{"@type":"ImageObject","@id":"\/logo.png","url":"\/logo.png","width":600,"height":60}},"image":null,"keywords":null},{"@type":"Article","@id":"https:\/\/www.arcr.cz\/ale-ano-chcete-ho\/","headline":"Ale ano, chcete ho\u2026","url":"https:\/\/www.arcr.cz\/ale-ano-chcete-ho\/","datePublished":"2023-04-26","dateModified":"2023-04-26","mainEntityOfPage":"https:\/\/www.arcr.cz\/ale-ano-chcete-ho\/","author":{"@type":"Person","@id":"https:\/\/www.arcr.cz\/author\/#Person","name":"arcr.cz\n","url":"https:\/\/www.arcr.cz\/author\/","identifier":1,"image":{"@type":"ImageObject","@id":"https:\/\/secure.gravatar.com\/avatar\/5522eb0fc8481dea5f6519f6a0b15ee2c46358d48429b281fd7c49cbb5a929f9?s=96&d=mm&r=g","url":"https:\/\/secure.gravatar.com\/avatar\/5522eb0fc8481dea5f6519f6a0b15ee2c46358d48429b281fd7c49cbb5a929f9?s=96&d=mm&r=g","height":96,"width":96}},"publisher":{"@type":"Organization","name":"arcr.cz","logo":{"@type":"ImageObject","@id":"\/logo.png","url":"\/logo.png","width":600,"height":60}},"image":null,"keywords":null},{"@type":"Article","@id":"https:\/\/www.arcr.cz\/co-si-zase-priste-obleknes-psycholozko\/","headline":"Co si zase p\u0159\u00ed\u0161t\u011b obl\u00e9kne\u0161, psycholo\u017eko?","url":"https:\/\/www.arcr.cz\/co-si-zase-priste-obleknes-psycholozko\/","datePublished":"2023-04-26","dateModified":"2023-04-26","mainEntityOfPage":"https:\/\/www.arcr.cz\/co-si-zase-priste-obleknes-psycholozko\/","author":{"@type":"Person","@id":"https:\/\/www.arcr.cz\/author\/#Person","name":"arcr.cz\n","url":"https:\/\/www.arcr.cz\/author\/","identifier":1,"image":{"@type":"ImageObject","@id":"https:\/\/secure.gravatar.com\/avatar\/5522eb0fc8481dea5f6519f6a0b15ee2c46358d48429b281fd7c49cbb5a929f9?s=96&d=mm&r=g","url":"https:\/\/secure.gravatar.com\/avatar\/5522eb0fc8481dea5f6519f6a0b15ee2c46358d48429b281fd7c49cbb5a929f9?s=96&d=mm&r=g","height":96,"width":96}},"publisher":{"@type":"Organization","name":"arcr.cz","logo":{"@type":"ImageObject","@id":"\/logo.png","url":"\/logo.png","width":600,"height":60}},"image":null,"keywords":null},{"@type":"Article","@id":"https:\/\/www.arcr.cz\/chodite-na-podpatcich-spravne\/","headline":"Chod\u00edte na podpatc\u00edch spr\u00e1vn\u011b?","url":"https:\/\/www.arcr.cz\/chodite-na-podpatcich-spravne\/","datePublished":"2023-04-26","dateModified":"2023-04-26","mainEntityOfPage":"https:\/\/www.arcr.cz\/chodite-na-podpatcich-spravne\/","author":{"@type":"Person","@id":"https:\/\/www.arcr.cz\/author\/#Person","name":"arcr.cz\n","url":"https:\/\/www.arcr.cz\/author\/","identifier":1,"image":{"@type":"ImageObject","@id":"https:\/\/secure.gravatar.com\/avatar\/5522eb0fc8481dea5f6519f6a0b15ee2c46358d48429b281fd7c49cbb5a929f9?s=96&d=mm&r=g","url":"https:\/\/secure.gravatar.com\/avatar\/5522eb0fc8481dea5f6519f6a0b15ee2c46358d48429b281fd7c49cbb5a929f9?s=96&d=mm&r=g","height":96,"width":96}},"publisher":{"@type":"Organization","name":"arcr.cz","logo":{"@type":"ImageObject","@id":"\/logo.png","url":"\/logo.png","width":600,"height":60}},"image":null,"keywords":null},{"@type":"Article","@id":"https:\/\/www.arcr.cz\/kdyz-na-dvere-klepe-nuda\/","headline":"Kdy\u017e na dve\u0159e klepe nuda\u2026","url":"https:\/\/www.arcr.cz\/kdyz-na-dvere-klepe-nuda\/","datePublished":"2021-09-24","dateModified":"2023-04-26","mainEntityOfPage":"https:\/\/www.arcr.cz\/kdyz-na-dvere-klepe-nuda\/","author":{"@type":"Person","@id":"https:\/\/www.arcr.cz\/author\/#Person","name":"arcr.cz\n","url":"https:\/\/www.arcr.cz\/author\/","identifier":1,"image":{"@type":"ImageObject","@id":"https:\/\/secure.gravatar.com\/avatar\/5522eb0fc8481dea5f6519f6a0b15ee2c46358d48429b281fd7c49cbb5a929f9?s=96&d=mm&r=g","url":"https:\/\/secure.gravatar.com\/avatar\/5522eb0fc8481dea5f6519f6a0b15ee2c46358d48429b281fd7c49cbb5a929f9?s=96&d=mm&r=g","height":96,"width":96}},"publisher":{"@type":"Organization","name":"arcr.cz","logo":{"@type":"ImageObject","@id":"\/logo.png","url":"\/logo.png","width":600,"height":60}},"image":{"@type":"ImageObject","@id":"https:\/\/www.arcr.cz\/wp-content\/uploads\/Kreslen%C3%AD%20pastelkami_iePBxf.jpg","url":"https:\/\/www.arcr.cz\/wp-content\/uploads\/Kreslen%C3%AD%20pastelkami_iePBxf.jpg","height":0,"width":0},"keywords":null}]}