[{"@context":"https:\/\/schema.org\/","@type":"Article","@id":"https:\/\/www.arcr.cz\/nevejde-se-vam-vse-do-auta\/#Article","mainEntityOfPage":"https:\/\/www.arcr.cz\/nevejde-se-vam-vse-do-auta\/","headline":"Nevejde se v\u00e1m v\u0161e do auta?","name":"Nevejde se v\u00e1m v\u0161e do auta?","description":"I kdy\u017e toho na\u0161inec v\u011bt\u0161inou zase a\u017e tolik nem\u00e1, a pokud u\u017e m\u00e1, stejn\u011b si to nevoz\u00ed v\u0161ude s sebou, je pravdou, \u017ee ob\u010das nen\u00ed vyhnut\u00ed a je pot\u0159eba p\u0159est\u011bhovat i n\u011bco po\u010detn\u011bj\u0161\u00edho \u010di rozm\u011brn\u011bj\u0161\u00edho,<a class=\"read-more\" href=\"https:\/\/www.arcr.cz\/nevejde-se-vam-vse-do-auta\/\">Continue reading<\/a>","datePublished":"2019-04-25","dateModified":"2023-04-26","author":{"@type":"Person","@id":"https:\/\/www.arcr.cz\/author\/#Person","name":"arcr.cz\n","url":"https:\/\/www.arcr.cz\/author\/","identifier":1,"image":{"@type":"ImageObject","@id":"https:\/\/secure.gravatar.com\/avatar\/5522eb0fc8481dea5f6519f6a0b15ee2c46358d48429b281fd7c49cbb5a929f9?s=96&d=mm&r=g","url":"https:\/\/secure.gravatar.com\/avatar\/5522eb0fc8481dea5f6519f6a0b15ee2c46358d48429b281fd7c49cbb5a929f9?s=96&d=mm&r=g","height":96,"width":96}},"publisher":{"@type":"Organization","name":"arcr.cz","logo":{"@type":"ImageObject","@id":"\/logo.png","url":"\/logo.png","width":600,"height":60}},"image":{"@type":"ImageObject","@id":"https:\/\/www.arcr.cz\/wp-content\/uploads\/img_a344824_w1703_t1558608808.jpg","url":"https:\/\/www.arcr.cz\/wp-content\/uploads\/img_a344824_w1703_t1558608808.jpg","height":0,"width":0},"url":"https:\/\/www.arcr.cz\/nevejde-se-vam-vse-do-auta\/","about":["Business"],"wordCount":470,"articleBody":"         I kdy\u017e toho na\u0161inec v\u011bt\u0161inou zase a\u017e tolik nem\u00e1, a pokud u\u017e m\u00e1, stejn\u011b si to nevoz\u00ed v\u0161ude s sebou, je pravdou, \u017ee ob\u010das nen\u00ed vyhnut\u00ed a je pot\u0159eba p\u0159est\u011bhovat i n\u011bco po\u010detn\u011bj\u0161\u00edho \u010di rozm\u011brn\u011bj\u0161\u00edho, s \u010d\u00edm \u010dlov\u011bka nepust\u00ed do vozidel ve\u0159ejn\u00e9 hromadn\u00e9 dopravy a co se nevejde ani do tradi\u010dn\u00edho osobn\u00edho automobilu.  A \u010dlov\u011bk tak r\u00e1zem stoj\u00ed p\u0159ed dilematem. Je-li onen nadm\u011brn\u00fd n\u00e1klad slo\u017een z velk\u00e9ho po\u010dtu men\u0161\u00edch v\u011bc\u00ed, m\u00e1 to tedy nakl\u00e1dat postupn\u011b a odvozit to na n\u011bkolikr\u00e1t? A je-li ten n\u00e1klad p\u0159ehnan\u00fdch rozm\u011br\u016f a ned\u011bliteln\u00fd, m\u00e1 ho snad roz\u0161t\u00edpat sekerou a pak v c\u00edli marn\u011b zkou\u0161et poslepovat? Jist\u011b, i to jsou \u0159e\u0161en\u00ed, ov\u0161em rozhodn\u011b ne ide\u00e1ln\u00ed. Tak se sice nakonec n\u00e1klad na m\u00edsto ur\u010den\u00ed dostane, ale do dokonalosti to m\u00e1 v mnoha ohledech daleko. A tak je daleko lep\u0161\u00ed ub\u00edrat se v my\u0161lenk\u00e1ch jin\u00fdm sm\u011brem. A zamyslet se nad t\u00edm, co n\u011bkomu takov\u00e9mu nab\u00edz\u00ed dejme tomu p\u016fj\u010dovna dod\u00e1vek Praha 5. Ji\u017e z n\u00e1zvu on\u00e9 slu\u017eby je nad slunce jasn\u00e9, o\u010d tu jde. Ano \u2013 \u010dlov\u011bk si tu m\u016f\u017ee p\u016fj\u010dit i vozidlo, kter\u00e9 ve v\u00fd\u0161e popsan\u00e9m p\u0159\u00edpad\u011b odpov\u00edd\u00e1 daleko l\u00e9pe pot\u0159eb\u00e1m, a to bez nutnosti si ho pro onu dost mo\u017en\u00e1 i jednor\u00e1zovou akci kupovat a utr\u00e1cet tak zbyte\u010dn\u011b h\u0159\u00ed\u0161n\u00e9 pen\u00edze.  Tady si \u010dlov\u011bk m\u016f\u017ee p\u016fj\u010dit dod\u00e1vku na dobu, kdy ji nezbytn\u011b pot\u0159ebuje, a hned pot\u00e9 ji zase vr\u00e1tit, aby mu doma nezab\u00edrala zbyte\u010dn\u011b m\u00edsto. M\u016f\u017ee si p\u016fj\u010dit p\u0159esn\u011b to nejide\u00e1ln\u011bji vyhovuj\u00edc\u00ed vozidlo, a to klidn\u011b i s \u0159idi\u010dem, pokud m\u00e1 sice pln\u011b posta\u010duj\u00edc\u00ed \u0159idi\u010dsk\u00fd pr\u016fkaz B, ale na n\u011bco takov\u00e9hoto si p\u0159ece jenom netrouf\u00e1, m\u016f\u017ee si ho vyzvednout zde a klidn\u011b pro zm\u011bnu nechat i odv\u00e9zt a\u017e p\u0159ed sv\u00e9 dve\u0159e. A starat se tu vlastn\u011b nen\u00ed t\u0159eba o nic. Proto\u017ee takov\u00e1 dod\u00e1vka proch\u00e1z\u00ed pravideln\u00fdm servisem, m\u00e1 d\u00e1lni\u010dn\u00ed zn\u00e1mku i z\u00e1konn\u00e9 i havarijn\u00ed poji\u0161t\u011bn\u00ed pro tuzemsko a cizinu, ba i pr\u00e9miovou asisten\u010dn\u00ed slu\u017ebu, a lze s n\u00ed b\u011bhem v\u00fdp\u016fj\u010dky najezdit neomezen\u011b kilometr\u016f za velice p\u0159ijatelnou cenu. A ruku na srdce \u2013 zn\u00e1te lep\u0161\u00ed a levn\u011bj\u0161\u00ed \u0159e\u0161en\u00ed probl\u00e9m\u016f s podobn\u00fdm st\u011bhov\u00e1n\u00edm? Asi ne, \u017ee?                                                                                                                                                                                                                                                                                                                                                                                          4.5\/5 - (2 votes)        "},{"@context":"https:\/\/schema.org\/","@type":"BreadcrumbList","itemListElement":[{"@type":"ListItem","position":1,"name":"Nevejde se v\u00e1m v\u0161e do auta?","item":"https:\/\/www.arcr.cz\/nevejde-se-vam-vse-do-auta\/#breadcrumbitem"}]}]