[{"@context":"https:\/\/schema.org\/","@type":"Blog","@id":"https:\/\/www.arcr.cz#Blog","headline":"AR\u010cR","description":"\nMilujete technick\u00e9 vymo\u017eenosti a novinky z po\u010d\u00edta\u010dov\u00e9 oblasti? Cht\u011bli byste se o tom dozv\u011bd\u011bt v\u00edc, a co mo\u017en\u00e1 tak\u00e9, napsat sv\u00e9 zku\u0161enosti a recenze? Potom je tu pro v\u00e1s internetov\u00fd magaz\u00edn, ve kter\u00e9m m\u016f\u017eete publikovat sv\u00e9 \u010dl\u00e1nky.","url":"https:\/\/www.arcr.cz","hasPart":[{"@type":"Article","@id":"https:\/\/www.arcr.cz\/prvotridni-prilezitost-pro-kazdeho\/","headline":"Prvot\u0159\u00eddn\u00ed p\u0159\u00edle\u017eitost pro ka\u017ed\u00e9ho","url":"https:\/\/www.arcr.cz\/prvotridni-prilezitost-pro-kazdeho\/","datePublished":"2025-08-10","dateModified":"2025-08-10","mainEntityOfPage":"https:\/\/www.arcr.cz\/prvotridni-prilezitost-pro-kazdeho\/","author":{"@type":"Person","@id":"https:\/\/www.arcr.cz\/author\/#Person","name":"arcr.cz\n","url":"https:\/\/www.arcr.cz\/author\/","identifier":1,"image":{"@type":"ImageObject","@id":"https:\/\/secure.gravatar.com\/avatar\/5522eb0fc8481dea5f6519f6a0b15ee2c46358d48429b281fd7c49cbb5a929f9?s=96&d=mm&r=g","url":"https:\/\/secure.gravatar.com\/avatar\/5522eb0fc8481dea5f6519f6a0b15ee2c46358d48429b281fd7c49cbb5a929f9?s=96&d=mm&r=g","height":96,"width":96}},"publisher":{"@type":"Organization","name":"arcr.cz","logo":{"@type":"ImageObject","@id":"\/logo.png","url":"\/logo.png","width":600,"height":60}},"image":null,"wordCount":223,"keywords":null},{"@type":"Article","@id":"https:\/\/www.arcr.cz\/sdelte-svym-nejblizsim-vas-nejdulezitejsi-den\/","headline":"Sd\u011blte sv\u00fdm nejbli\u017e\u0161\u00edm v\u00e1\u0161 nejd\u016fle\u017eit\u011bj\u0161\u00ed den","url":"https:\/\/www.arcr.cz\/sdelte-svym-nejblizsim-vas-nejdulezitejsi-den\/","datePublished":"2025-08-05","dateModified":"2025-08-05","mainEntityOfPage":"https:\/\/www.arcr.cz\/sdelte-svym-nejblizsim-vas-nejdulezitejsi-den\/","author":{"@type":"Person","@id":"https:\/\/www.arcr.cz\/author\/#Person","name":"arcr.cz\n","url":"https:\/\/www.arcr.cz\/author\/","identifier":1,"image":{"@type":"ImageObject","@id":"https:\/\/secure.gravatar.com\/avatar\/5522eb0fc8481dea5f6519f6a0b15ee2c46358d48429b281fd7c49cbb5a929f9?s=96&d=mm&r=g","url":"https:\/\/secure.gravatar.com\/avatar\/5522eb0fc8481dea5f6519f6a0b15ee2c46358d48429b281fd7c49cbb5a929f9?s=96&d=mm&r=g","height":96,"width":96}},"publisher":{"@type":"Organization","name":"arcr.cz","logo":{"@type":"ImageObject","@id":"\/logo.png","url":"\/logo.png","width":600,"height":60}},"image":null,"wordCount":221,"keywords":null},{"@type":"Article","@id":"https:\/\/www.arcr.cz\/nezapomente-na-dulezitou-soucast-vaseho-velkeho-dne\/","headline":"Nezapome\u0148te na d\u016fle\u017eitou sou\u010d\u00e1st va\u0161eho velk\u00e9ho dne","url":"https:\/\/www.arcr.cz\/nezapomente-na-dulezitou-soucast-vaseho-velkeho-dne\/","datePublished":"2025-07-30","dateModified":"2025-07-30","mainEntityOfPage":"https:\/\/www.arcr.cz\/nezapomente-na-dulezitou-soucast-vaseho-velkeho-dne\/","author":{"@type":"Person","@id":"https:\/\/www.arcr.cz\/author\/#Person","name":"arcr.cz\n","url":"https:\/\/www.arcr.cz\/author\/","identifier":1,"image":{"@type":"ImageObject","@id":"https:\/\/secure.gravatar.com\/avatar\/5522eb0fc8481dea5f6519f6a0b15ee2c46358d48429b281fd7c49cbb5a929f9?s=96&d=mm&r=g","url":"https:\/\/secure.gravatar.com\/avatar\/5522eb0fc8481dea5f6519f6a0b15ee2c46358d48429b281fd7c49cbb5a929f9?s=96&d=mm&r=g","height":96,"width":96}},"publisher":{"@type":"Organization","name":"arcr.cz","logo":{"@type":"ImageObject","@id":"\/logo.png","url":"\/logo.png","width":600,"height":60}},"image":null,"wordCount":268,"keywords":null},{"@type":"Article","@id":"https:\/\/www.arcr.cz\/dobra-informovanost-o-tomto-sportovnim-odvetvi\/","headline":"Dobr\u00e1 informovanost o tomto sportovn\u00edm odv\u011btv\u00ed","url":"https:\/\/www.arcr.cz\/dobra-informovanost-o-tomto-sportovnim-odvetvi\/","datePublished":"2025-07-22","dateModified":"2025-07-22","mainEntityOfPage":"https:\/\/www.arcr.cz\/dobra-informovanost-o-tomto-sportovnim-odvetvi\/","author":{"@type":"Person","@id":"https:\/\/www.arcr.cz\/author\/#Person","name":"arcr.cz\n","url":"https:\/\/www.arcr.cz\/author\/","identifier":1,"image":{"@type":"ImageObject","@id":"https:\/\/secure.gravatar.com\/avatar\/5522eb0fc8481dea5f6519f6a0b15ee2c46358d48429b281fd7c49cbb5a929f9?s=96&d=mm&r=g","url":"https:\/\/secure.gravatar.com\/avatar\/5522eb0fc8481dea5f6519f6a0b15ee2c46358d48429b281fd7c49cbb5a929f9?s=96&d=mm&r=g","height":96,"width":96}},"publisher":{"@type":"Organization","name":"arcr.cz","logo":{"@type":"ImageObject","@id":"\/logo.png","url":"\/logo.png","width":600,"height":60}},"image":null,"wordCount":225,"keywords":null},{"@type":"Article","@id":"https:\/\/www.arcr.cz\/event-agentura-na-klic-jak-vam-profesionalove-usetri-cas-i-starosti\/","headline":"Event agentura na kl\u00ed\u010d: Jak v\u00e1m profesion\u00e1lov\u00e9 u\u0161et\u0159\u00ed \u010das i starosti","url":"https:\/\/www.arcr.cz\/event-agentura-na-klic-jak-vam-profesionalove-usetri-cas-i-starosti\/","datePublished":"2025-07-21","dateModified":"2025-07-21","mainEntityOfPage":"https:\/\/www.arcr.cz\/event-agentura-na-klic-jak-vam-profesionalove-usetri-cas-i-starosti\/","author":{"@type":"Person","@id":"https:\/\/www.arcr.cz\/author\/#Person","name":"arcr.cz\n","url":"https:\/\/www.arcr.cz\/author\/","identifier":1,"image":{"@type":"ImageObject","@id":"https:\/\/secure.gravatar.com\/avatar\/5522eb0fc8481dea5f6519f6a0b15ee2c46358d48429b281fd7c49cbb5a929f9?s=96&d=mm&r=g","url":"https:\/\/secure.gravatar.com\/avatar\/5522eb0fc8481dea5f6519f6a0b15ee2c46358d48429b281fd7c49cbb5a929f9?s=96&d=mm&r=g","height":96,"width":96}},"publisher":{"@type":"Organization","name":"arcr.cz","logo":{"@type":"ImageObject","@id":"\/logo.png","url":"\/logo.png","width":600,"height":60}},"image":{"@type":"ImageObject","@id":"https:\/\/www.arcr.cz\/wp-content\/uploads\/ChatGPT_Image_29._7._2025_11_16_32_kL4Rgl.png","url":"https:\/\/www.arcr.cz\/wp-content\/uploads\/ChatGPT_Image_29._7._2025_11_16_32_kL4Rgl.png","height":0,"width":0},"wordCount":883,"keywords":null},{"@type":"Article","@id":"https:\/\/www.arcr.cz\/stylove-sezeni-s-charakterem-jake-zidle-do-zahradky-podtrhnou-jeji-jedinecnost\/","headline":"Stylov\u00e9 sezen\u00ed s charakterem \u2013 jak\u00e9 \u017eidle do zahr\u00e1dky podtrhnou jej\u00ed jedine\u010dnost?","url":"https:\/\/www.arcr.cz\/stylove-sezeni-s-charakterem-jake-zidle-do-zahradky-podtrhnou-jeji-jedinecnost\/","datePublished":"2025-07-18","dateModified":"2025-07-18","mainEntityOfPage":"https:\/\/www.arcr.cz\/stylove-sezeni-s-charakterem-jake-zidle-do-zahradky-podtrhnou-jeji-jedinecnost\/","author":{"@type":"Person","@id":"https:\/\/www.arcr.cz\/author\/#Person","name":"arcr.cz\n","url":"https:\/\/www.arcr.cz\/author\/","identifier":1,"image":{"@type":"ImageObject","@id":"https:\/\/secure.gravatar.com\/avatar\/5522eb0fc8481dea5f6519f6a0b15ee2c46358d48429b281fd7c49cbb5a929f9?s=96&d=mm&r=g","url":"https:\/\/secure.gravatar.com\/avatar\/5522eb0fc8481dea5f6519f6a0b15ee2c46358d48429b281fd7c49cbb5a929f9?s=96&d=mm&r=g","height":96,"width":96}},"publisher":{"@type":"Organization","name":"arcr.cz","logo":{"@type":"ImageObject","@id":"\/logo.png","url":"\/logo.png","width":600,"height":60}},"image":{"@type":"ImageObject","@id":"https:\/\/www.arcr.cz\/wp-content\/uploads\/20250704113510_pexels-photo-5238419.jpeg_SX9aBx.jpg","url":"https:\/\/www.arcr.cz\/wp-content\/uploads\/20250704113510_pexels-photo-5238419.jpeg_SX9aBx.jpg","height":0,"width":0},"wordCount":763,"keywords":null},{"@type":"Article","@id":"https:\/\/www.arcr.cz\/k-nam-do-cukrarny-chodi-cele-rodiny\/","headline":"K n\u00e1m do cukr\u00e1rny chod\u00ed cel\u00e9 rodiny","url":"https:\/\/www.arcr.cz\/k-nam-do-cukrarny-chodi-cele-rodiny\/","datePublished":"2025-07-15","dateModified":"2025-07-15","mainEntityOfPage":"https:\/\/www.arcr.cz\/k-nam-do-cukrarny-chodi-cele-rodiny\/","author":{"@type":"Person","@id":"https:\/\/www.arcr.cz\/author\/#Person","name":"arcr.cz\n","url":"https:\/\/www.arcr.cz\/author\/","identifier":1,"image":{"@type":"ImageObject","@id":"https:\/\/secure.gravatar.com\/avatar\/5522eb0fc8481dea5f6519f6a0b15ee2c46358d48429b281fd7c49cbb5a929f9?s=96&d=mm&r=g","url":"https:\/\/secure.gravatar.com\/avatar\/5522eb0fc8481dea5f6519f6a0b15ee2c46358d48429b281fd7c49cbb5a929f9?s=96&d=mm&r=g","height":96,"width":96}},"publisher":{"@type":"Organization","name":"arcr.cz","logo":{"@type":"ImageObject","@id":"\/logo.png","url":"\/logo.png","width":600,"height":60}},"image":null,"wordCount":226,"keywords":null},{"@type":"Article","@id":"https:\/\/www.arcr.cz\/naucte-se-hrat-u-nas-tenis-nebo-volejbal\/","headline":"Nau\u010dte se hr\u00e1t u n\u00e1s tenis nebo volejbal","url":"https:\/\/www.arcr.cz\/naucte-se-hrat-u-nas-tenis-nebo-volejbal\/","datePublished":"2025-07-09","dateModified":"2025-07-09","mainEntityOfPage":"https:\/\/www.arcr.cz\/naucte-se-hrat-u-nas-tenis-nebo-volejbal\/","author":{"@type":"Person","@id":"https:\/\/www.arcr.cz\/author\/#Person","name":"arcr.cz\n","url":"https:\/\/www.arcr.cz\/author\/","identifier":1,"image":{"@type":"ImageObject","@id":"https:\/\/secure.gravatar.com\/avatar\/5522eb0fc8481dea5f6519f6a0b15ee2c46358d48429b281fd7c49cbb5a929f9?s=96&d=mm&r=g","url":"https:\/\/secure.gravatar.com\/avatar\/5522eb0fc8481dea5f6519f6a0b15ee2c46358d48429b281fd7c49cbb5a929f9?s=96&d=mm&r=g","height":96,"width":96}},"publisher":{"@type":"Organization","name":"arcr.cz","logo":{"@type":"ImageObject","@id":"\/logo.png","url":"\/logo.png","width":600,"height":60}},"image":null,"wordCount":214,"keywords":null},{"@type":"Article","@id":"https:\/\/www.arcr.cz\/pobytove-zajezdy-s-ubytovanim-podle-prani\/","headline":"Pobytov\u00e9 z\u00e1jezdy s ubytov\u00e1n\u00edm podle p\u0159\u00e1n\u00ed","url":"https:\/\/www.arcr.cz\/pobytove-zajezdy-s-ubytovanim-podle-prani\/","datePublished":"2025-07-05","dateModified":"2025-07-05","mainEntityOfPage":"https:\/\/www.arcr.cz\/pobytove-zajezdy-s-ubytovanim-podle-prani\/","author":{"@type":"Person","@id":"https:\/\/www.arcr.cz\/author\/#Person","name":"arcr.cz\n","url":"https:\/\/www.arcr.cz\/author\/","identifier":1,"image":{"@type":"ImageObject","@id":"https:\/\/secure.gravatar.com\/avatar\/5522eb0fc8481dea5f6519f6a0b15ee2c46358d48429b281fd7c49cbb5a929f9?s=96&d=mm&r=g","url":"https:\/\/secure.gravatar.com\/avatar\/5522eb0fc8481dea5f6519f6a0b15ee2c46358d48429b281fd7c49cbb5a929f9?s=96&d=mm&r=g","height":96,"width":96}},"publisher":{"@type":"Organization","name":"arcr.cz","logo":{"@type":"ImageObject","@id":"\/logo.png","url":"\/logo.png","width":600,"height":60}},"image":null,"wordCount":299,"keywords":null},{"@type":"Article","@id":"https:\/\/www.arcr.cz\/klidne-a-komfortni-ubytovani-valtice\/","headline":"Klidn\u00e9 a komfortn\u00ed ubytov\u00e1n\u00ed Valtice","url":"https:\/\/www.arcr.cz\/klidne-a-komfortni-ubytovani-valtice\/","datePublished":"2025-07-03","dateModified":"2025-07-03","mainEntityOfPage":"https:\/\/www.arcr.cz\/klidne-a-komfortni-ubytovani-valtice\/","author":{"@type":"Person","@id":"https:\/\/www.arcr.cz\/author\/#Person","name":"arcr.cz\n","url":"https:\/\/www.arcr.cz\/author\/","identifier":1,"image":{"@type":"ImageObject","@id":"https:\/\/secure.gravatar.com\/avatar\/5522eb0fc8481dea5f6519f6a0b15ee2c46358d48429b281fd7c49cbb5a929f9?s=96&d=mm&r=g","url":"https:\/\/secure.gravatar.com\/avatar\/5522eb0fc8481dea5f6519f6a0b15ee2c46358d48429b281fd7c49cbb5a929f9?s=96&d=mm&r=g","height":96,"width":96}},"publisher":{"@type":"Organization","name":"arcr.cz","logo":{"@type":"ImageObject","@id":"\/logo.png","url":"\/logo.png","width":600,"height":60}},"image":{"@type":"ImageObject","@id":"https:\/\/www.arcr.cz\/wp-content\/uploads\/residence_5HOtDS.jpg","url":"https:\/\/www.arcr.cz\/wp-content\/uploads\/residence_5HOtDS.jpg","height":0,"width":0},"wordCount":557,"keywords":null}]},{"@context":"https:\/\/schema.org","@type":"WebSite","@id":"https:\/\/www.arcr.cz\/#website","name":"AR\u010cR","url":"https:\/\/www.arcr.cz","potentialAction":{"@type":"SearchAction","target":"https:\/\/www.arcr.cz\/?s={search_term_string}","query-input":"required name=search_term_string"}}]